{"id":219655,"date":"2023-02-15T13:43:10","date_gmt":"2023-02-15T12:43:10","guid":{"rendered":"https:\/\/masachs.com\/?p=219655"},"modified":"2023-02-15T13:53:40","modified_gmt":"2023-02-15T12:53:40","slug":"les-xemeneies-com-a-patrimoni-historic-industrial-de-catalunya","status":"publish","type":"post","link":"https:\/\/masachs.com\/ca\/les-xemeneies-com-a-patrimoni-historic-industrial-de-catalunya","title":{"rendered":"Les xemeneies com a patrimoni hist\u00f2ric industrial de Catalunya"},"content":{"rendered":"<p>Les <strong>xemeneies industrials<\/strong> formen part de l&#8217;horitz\u00f3 visual de moltes ciutats i poblacions de Catalunya, especialment a llocs com Terrassa o Sabadell, que havien estat hist\u00f2ricament centres neur\u00e0lgics de la ind\u00fastria catalana. Als segles XIX i XX, amb l&#8217;arribada de les m\u00e0quines de vapor, es va fer necessari un conducte que don\u00e9s sortida al fum produ\u00eft per la combusti\u00f3 de les calderes de vapor, els forns cer\u00e0mics o les b\u00f2biles de totxos. L&#8217;arribada de l&#8217;electricitat va fer abandonar progressivament els sistemes de vapor, per\u00f2 moltes de les xemeneies van romandre com a s\u00edmbol de l&#8217;expansi\u00f3 industrial.<\/p>\n<p>Per a moltes persones, s\u00f3n ben reconeixibles les altes estructures de ma\u00f3 troncoc\u00f2niques, sovint anomenades \u00abobeliscs industrials\u00bb, que a dia d&#8217;avui es poden trobar enmig de places o com a part de museus i edificis singulars de diferents poblacions.<\/p>\n<p>Tot i que amb el tancament o trasllat de moltes empreses industrials hi ha <strong>una gran quantitat de xemeneies que van ser derru\u00efdes<\/strong>, n&#8217;hi ha moltes que encara perduren, ja que es van incloure en el llistat de l&#8217;<a href=\"https:\/\/cultura.gencat.cat\/ca\/departament\/estructura_i_adreces\/organismes\/dgpc\/temes\/patrimoni_arquitectonic\/inventari_del_patrimoni_arquitectonic_de_catalunya\">Inventari del Patrimoni Arquitect\u00f2nic Catal\u00e0<\/a>, per tant estan protegides, potser no tant pel seu valor arquitect\u00f2nic, sin\u00f3 segons s&#8217;indica, perqu\u00e8 \u00ables xemeneies en des\u00fas passen a formar part del mobiliari urb\u00e0 com a fita visual i com a monument a un passat hist\u00f2ric\u00bb.<\/p>\n<p>Per exemple, a Terrassa n&#8217;hi havia hagut m\u00e9s de 200 xemeneies industrials a principis del s. XX, per\u00f2 nom\u00e9s <a href=\"https:\/\/arxiumunicipal.terrassa.cat\/afons.php?id_menu=70\">se&#8217;n conserven 24<\/a>, com la del Vapor Aymerich, la Saphil o An\u00f2nima, la situada al Vapor Busquets o la B\u00f2bila Almirall, molt espectacular per les escales exteriors que l&#8217;envolten. A Sabadell se&#8217;n conserven 45, algunes de les quals encara <strong>formen part de conjunts industrials<\/strong> (actius o no), mentre que d&#8217;altres es troben en places o parcs, o a l&#8217;interior d&#8217;illes de cases. Altres poblacions, com <a href=\"https:\/\/www.regio7.cat\/anoia\/2010\/11\/02\/olesa-protegeix-cinc-xemeneies-industrials-51430987.html\">Olesa de Montserrat<\/a> o <a href=\"https:\/\/www.igualada.cat\/ca\/noticies\/igualada-present-al-mapa-del-patrimoni-industrial-a-catalunya\">Igualada<\/a>, tamb\u00e9 han conservat xemeneies industrials i les han incl\u00f2s a la llista de Patrimoni Industrial de Catalunya.<\/p>\n<p>A Barcelona, un projecte del ge\u00f2graf Brian Rosa en va fotografiar 67, la meitat de les quals es troben al Poblenou, que es va considerar el Manchester catal\u00e0 per la seva intensa activitat industrial.<\/p>\n<p><iframe loading=\"lazy\" src=\"https:\/\/cdnapisec.kaltura.com\/p\/2346171\/sp\/234617100\/embedIframeJs\/uiconf_id\/42600891\/partner_id\/2346171?iframeembed=true&amp;playerId=1_n2rzxdlb&amp;entry_id=1_n2rzxdlb&amp;flashvars[streamerType]=auto\" width=\"940\" height=\"529\" frameborder=\"0\" allowfullscreen=\"allowfullscreen\"><\/iframe><\/p>\n<p>Malgrat el fet que avui dia estan protegides, en el seu moment les xemeneies es van construir amb una finalitat merament funcional, per aix\u00f2 molta de la informaci\u00f3 respecte de la seva construcci\u00f3, com la denominaci\u00f3 correcta de cada xemeneia, els pl\u00e0nols originals, la data de construcci\u00f3 o qui van ser els enginyers i constructors, s&#8217;ha perdut.<\/p>\n<p>A m\u00e9s, no \u00e9s nom\u00e9s l&#8217;abandonament dels antics sistemes de producci\u00f3 industrial el que va fer caure en des\u00fas i fins i tot desapar\u00e8ixer moltes de les xemeneies de les f\u00e0briques, hi ha <a href=\"https:\/\/ca.wikipedia.org\/wiki\/Patologies_de_les_xemeneies_industrials\">algunes patologies<\/a> que n&#8217;afecten la integritat, com l&#8217;aluminosi, o b\u00e9 una fabricaci\u00f3 deficient, els incendis o l&#8217;exposici\u00f3 a les inclem\u00e8ncies del temps. Tanmateix, ara que la majoria estan catalogades com a patrimoni, es conserven i restauren quan \u00e9s necessari.<\/p>\n<p>T&#8217;havies fixat mai si on vius hi ha xemeneies industrials? En algunes ciutats n&#8217;hi ha fins i tot <a href=\"https:\/\/ca.wikiloc.com\/rutes-a-peu\/xemeneies-de-terrassa-chimeneas-de-terrassa-63776917\">rutes a peu<\/a> per visitar-les.<\/p>\n<p>&nbsp;<\/p>\n<p>Fonts:<\/p>\n<ul>\n<li><a href=\"http:\/\/joaquimverdaguer.blogspot.com\/2017\/01\/les-xemeneies-de-terrassa-o-la-ciutat.html\">Joaquim Verdaguer, Les xemeneies de Terrassa o la ciutat del fum<\/a>.<\/li>\n<li><a href=\"https:\/\/www.google.com\/maps\/d\/viewer?mid=12iSND8tc3JwlcKNjnNxUsfN2vx79Wffa&amp;ll=41.39496280437886%2C2.2070251932608675&amp;z=15\">Mapa de les xemeneies industrials a Barcelona<\/a>.<\/li>\n<li><a href=\"https:\/\/www.raco.cat\/index.php\/Arraona\/article\/view\/205136\/280935\">Gen\u00eds Rib\u00e9, Xemeneies que ja no fumegen<\/a>.<\/li>\n<\/ul>\n","protected":false},"excerpt":{"rendered":"<p>Les xemeneies industrials formen part de l&#8217;horitz\u00f3 visual de moltes ciutats i poblacions de Catalunya, especialment a llocs com Terrassa o Sabadell, que havien estat hist\u00f2ricament centres neur\u00e0lgics de la ind\u00fastria catalana. Als segles XIX i XX, amb l&#8217;arribada de les m\u00e0quines de vapor, es va fer necessari un conducte que don\u00e9s sortida al fum produ\u00eft per la combusti\u00f3 de les calderes de vapor, &#8230;<\/p>\n","protected":false},"author":10,"featured_media":219657,"comment_status":"open","ping_status":"open","sticky":false,"template":"","format":"standard","meta":{"wds_primary_category":0,"footnotes":""},"categories":[34],"tags":[],"class_list":["post-219655","post","type-post","status-publish","format-standard","has-post-thumbnail","hentry","category-noticies-i-tendencies-del-sector"],"_links":{"self":[{"href":"https:\/\/masachs.com\/ca\/wp-json\/wp\/v2\/posts\/219655"}],"collection":[{"href":"https:\/\/masachs.com\/ca\/wp-json\/wp\/v2\/posts"}],"about":[{"href":"https:\/\/masachs.com\/ca\/wp-json\/wp\/v2\/types\/post"}],"author":[{"embeddable":true,"href":"https:\/\/masachs.com\/ca\/wp-json\/wp\/v2\/users\/10"}],"replies":[{"embeddable":true,"href":"https:\/\/masachs.com\/ca\/wp-json\/wp\/v2\/comments?post=219655"}],"version-history":[{"count":2,"href":"https:\/\/masachs.com\/ca\/wp-json\/wp\/v2\/posts\/219655\/revisions"}],"predecessor-version":[{"id":219663,"href":"https:\/\/masachs.com\/ca\/wp-json\/wp\/v2\/posts\/219655\/revisions\/219663"}],"wp:featuredmedia":[{"embeddable":true,"href":"https:\/\/masachs.com\/ca\/wp-json\/wp\/v2\/media\/219657"}],"wp:attachment":[{"href":"https:\/\/masachs.com\/ca\/wp-json\/wp\/v2\/media?parent=219655"}],"wp:term":[{"taxonomy":"category","embeddable":true,"href":"https:\/\/masachs.com\/ca\/wp-json\/wp\/v2\/categories?post=219655"},{"taxonomy":"post_tag","embeddable":true,"href":"https:\/\/masachs.com\/ca\/wp-json\/wp\/v2\/tags?post=219655"}],"curies":[{"name":"wp","href":"https:\/\/api.w.org\/{rel}","templated":true}]}}