{"id":212702,"date":"2022-12-16T14:47:43","date_gmt":"2022-12-16T13:47:43","guid":{"rendered":"https:\/\/masachs.com\/?p=212702"},"modified":"2024-08-30T10:17:49","modified_gmt":"2024-08-30T08:17:49","slug":"terrassa-connecta-22-un-nou-impuls-a-la-industria-local","status":"publish","type":"post","link":"https:\/\/masachs.com\/ca\/terrassa-connecta-22-un-nou-impuls-a-la-industria-local","title":{"rendered":"Terrassa Connecta 22: Un nou impuls a la ind\u00fastria local"},"content":{"rendered":"<p>El passat 15 de desembre es va dur a terme la jornada Terrassa Connecta 22, per presentar el projecte Terrassa Ind\u00fastria, una iniciativa del <a href=\"https:\/\/www.terrassa.cat\/promocioindustrial\">Servei de Promoci\u00f3 Industrial<\/a> de l&#8217;Ajuntament de Terrassa.<\/p>\n<p><a href=\"https:\/\/terrassaindustria.cat\/\">Terrassa Ind\u00fastria<\/a> \u00e9s una plataforma digital que vol esdevenir el punt de trobada de tota la <strong>ind\u00fastria de Terrassa<\/strong>, agrupada al voltant de comunitats de cadenes de valor per afavorir la creaci\u00f3 de sinergies i noves oportunitats de negoci.<\/p>\n<p>Entre les moltes accions que es duen a terme, com els webinars, les borses de treball especialitzades o els centres de coneixement, en destaca la celebraci\u00f3 de fires virtuals sectorials, mitjan\u00e7ant la <a href=\"https:\/\/www.openindustry.cat\/\">plataforma OpenIndustry<\/a>.<\/p>\n<p>Els dos anys de pand\u00e8mia i l&#8217;estat socioecon\u00f2mic actual han portat la ind\u00fastria, com molts altres sectors, a reinventar-se i cercar noves oportunitats per generar negoci. Les fires sempre havien estat un dels punts \u00e0lgids de la tasca comercial de moltes empreses, uns espais on mostrar els nous productes i serveis, captar i fidelitzar clients, i generar networking. I tot i que les fires presencials s&#8217;han repr\u00e8s plenament amb un gran \u00e8xit d&#8217;aflu\u00e8ncia, especialment des de l&#8217;estiu de 2022, les alternatives digitals tamb\u00e9 han arrelat fort.<\/p>\n<p>En el cas d&#8217;OpenIndustry, es tracta d&#8217;una <strong>fira virtual industrial<\/strong>, oberta 365 dies l&#8217;any, i orientada a donar a con\u00e8ixer les capacitats productives del territori, fomentar la innovaci\u00f3, crear xarxes de networking i, en definitiva, ajudar la ind\u00fastria a ser m\u00e9s competitiva.<\/p>\n<p>Els dos focus principals d&#8217;OpenIndustry s\u00f3n per una banda la <strong>ind\u00fastria i4.0<\/strong>, per fomentar la digitalitzaci\u00f3 amb tecnologies com la rob\u00f2tica, les eines de simulaci\u00f3 3D, la realitat augmentada o el Big Data, entre d&#8217;altres, i la <strong>ind\u00fastria de proximitat<\/strong>, com a soluci\u00f3 per evitar les possibles ruptures en les cadenes de subministrament i per enfortir el teixit empresarial local.<\/p>\n","protected":false},"excerpt":{"rendered":"<p>El passat 15 de desembre es va dur a terme la jornada Terrassa Connecta 22, per presentar el projecte Terrassa Ind\u00fastria, una iniciativa del Servei de Promoci\u00f3 Industrial de l&#8217;Ajuntament de Terrassa. Terrassa Ind\u00fastria \u00e9s una plataforma digital que vol esdevenir el punt de trobada de tota la ind\u00fastria de Terrassa, agrupada al voltant de comunitats de cadenes de valor per afavorir la creaci\u00f3 &#8230;<\/p>\n","protected":false},"author":10,"featured_media":212703,"comment_status":"open","ping_status":"open","sticky":false,"template":"","format":"standard","meta":{"wds_primary_category":0,"footnotes":""},"categories":[34],"tags":[],"class_list":["post-212702","post","type-post","status-publish","format-standard","has-post-thumbnail","hentry","category-noticies-i-tendencies-del-sector"],"_links":{"self":[{"href":"https:\/\/masachs.com\/ca\/wp-json\/wp\/v2\/posts\/212702"}],"collection":[{"href":"https:\/\/masachs.com\/ca\/wp-json\/wp\/v2\/posts"}],"about":[{"href":"https:\/\/masachs.com\/ca\/wp-json\/wp\/v2\/types\/post"}],"author":[{"embeddable":true,"href":"https:\/\/masachs.com\/ca\/wp-json\/wp\/v2\/users\/10"}],"replies":[{"embeddable":true,"href":"https:\/\/masachs.com\/ca\/wp-json\/wp\/v2\/comments?post=212702"}],"version-history":[{"count":2,"href":"https:\/\/masachs.com\/ca\/wp-json\/wp\/v2\/posts\/212702\/revisions"}],"predecessor-version":[{"id":212706,"href":"https:\/\/masachs.com\/ca\/wp-json\/wp\/v2\/posts\/212702\/revisions\/212706"}],"wp:featuredmedia":[{"embeddable":true,"href":"https:\/\/masachs.com\/ca\/wp-json\/wp\/v2\/media\/212703"}],"wp:attachment":[{"href":"https:\/\/masachs.com\/ca\/wp-json\/wp\/v2\/media?parent=212702"}],"wp:term":[{"taxonomy":"category","embeddable":true,"href":"https:\/\/masachs.com\/ca\/wp-json\/wp\/v2\/categories?post=212702"},{"taxonomy":"post_tag","embeddable":true,"href":"https:\/\/masachs.com\/ca\/wp-json\/wp\/v2\/tags?post=212702"}],"curies":[{"name":"wp","href":"https:\/\/api.w.org\/{rel}","templated":true}]}}