{"id":193323,"date":"2021-12-22T16:19:23","date_gmt":"2021-12-22T15:19:23","guid":{"rendered":"https:\/\/masachs.com\/la-noche-del-empresario-2021-pone-el-foco-en-la-reactivacion-de-las-empresas"},"modified":"2024-08-30T10:19:35","modified_gmt":"2024-08-30T08:19:35","slug":"la-noche-del-empresario-2021-pone-el-foco-en-la-reactivacion-de-las-empresas","status":"publish","type":"post","link":"https:\/\/masachs.com\/ca\/la-noche-del-empresario-2021-pone-el-foco-en-la-reactivacion-de-las-empresas","title":{"rendered":"La Nit de l&#8217;Empresari 2021 posa el focus en la reactivaci\u00f3 de les empreses"},"content":{"rendered":"<p>Al darrer tram de l&#8217;any s&#8217;ha celebrat la 26a edici\u00f3 de la <a href=\"https:\/\/www.nitdelempresari.com\/\">Nit de l&#8217;Empresari<\/a> que organitza CECOT, aquest cop centrada en els reptes que ha suposat la COVID-19, tant els sanitaris com els econ\u00f2mics. L&#8217;entitat ha definit l&#8217;any com \u00abuna dura cursa d&#8217;obstacles, que podr\u00edem arribar a definir com una ultra trail empresarial\u00bb, i posen de manifest que ara toca avan\u00e7ar i <strong>donar suport a les empreses en la reactivaci\u00f3 de la seva activitat<\/strong>.<\/p>\n<p>Enguany s&#8217;ha recuperat el format presencial, i l&#8217;esdeveniment ha tingut lloc al Teatre Principal de Terrassa, espai que permetia complir amb les mesures sanit\u00e0ries vigents. A l&#8217;acte s&#8217;hi van aplegar representants del m\u00f3n empresarial, pol\u00edtic i cultural, i va estar presidit per Pere Aragon\u00e9s, president de la Generalitat de Catalunya. Pere Masachs, soci fundador de <strong>Masachs Naus Industrials<\/strong>, hi va assistir com a membre del jurat, que aquest any ha atorgat el reconeixement \u00abPersonalitat 2021\u00bb a la traject\u00f2ria empresarial de\u00a0Vict\u00f2ria Piany\u00a0i\u00a0Antoni Esteve, fundadors del\u00a0Grup Lavinia.<\/p>\n<p>Entre <a href=\"https:\/\/www.nitdelempresari.com\/wp-content\/uploads\/2021\/11\/Dossier_premsa_GUARDONATS_2021_actualitzat.pdf\">d&#8217;altres guardonats<\/a>, tamb\u00e9 s&#8217;ha reconegut la tasca de l&#8217;empresa <strong>Seraf\u00ed<\/strong>, pel seu comprom\u00eds amb l&#8217;efici\u00e8ncia energ\u00e8tica i la sostenibilitat, ja que actualment el consum el\u00e8ctric de l&#8217;empresa prov\u00e9 de la planta d\u2019energia solar fotovoltaica ubicada a les seves instal\u00b7lacions a Terrassa, la qual cosa es tradueix en un estalvi en emissions de CO<sub>2<\/sub> de 53.000 kg.<\/p>\n<p>L&#8217;empresa <strong>Electrodom\u00e8stics Calbet<\/strong>\u00a0ha estat reconeguda per l\u2019esfor\u00e7 que ha dut a terme en desenvolupar contingut digital, i per l\u2019\u00fas de sistemes basats en intel\u00b7lig\u00e8ncia artificial orientats a informar i assessorar al p\u00fablic, recursos molt necessaris en un moment en qu\u00e8 la major part de la poblaci\u00f3 s&#8217;ha vist abocada a utilitzar canals digitals sense estar-hi avesada.<\/p>\n<p>L&#8217;empresa <strong>IMC Toys<\/strong> ha rebut el reconeixement a la transformaci\u00f3 digital a la ind\u00fastria pel seu projecte de showroom virtual, i <strong>Nixi for Children<\/strong> a la millor iniciativa empresarial per la previsi\u00f3 de contractaci\u00f3 de personal i els resultats assolits en els primers mesos d\u2019activitat. L&#8217;empresa barcelonesa <strong>Robingood<\/strong>\u00a0ha rebut el premi a la PIME responsable per la seva tasca per conscienciar als consumidors pel consum de producci\u00f3 local, productes desenvolupats per persones en risc d\u2019exclusi\u00f3 social, productes d\u2019envasos sense pl\u00e0stics i productes artesanals.<\/p>\n<p>Totes les empreses guardonades, i moltes d&#8217;altres que hi han optat o no a aquests premis, han fet uns esfor\u00e7os incommensurables no nom\u00e9s per tirar endavant la seva activitat en temps incerts, sin\u00f3 per fer-ho d&#8217;una forma eficient i compromesa amb el seu entorn. Un esfor\u00e7 que cal recon\u00e8ixer i aplaudir.<\/p>\n<p><a href=\"https:\/\/masachs.com\/wp-content\/uploads\/2021\/12\/nit-empresari-masachs.jpeg\"><img loading=\"lazy\" decoding=\"async\" class=\"size-full wp-image-193319 aligncenter\" src=\"https:\/\/masachs.com\/wp-content\/uploads\/2021\/12\/nit-empresari-masachs.jpeg\" alt=\"\" width=\"800\" height=\"600\" srcset=\"https:\/\/masachs.com\/wp-content\/uploads\/2021\/12\/nit-empresari-masachs.jpeg 800w, https:\/\/masachs.com\/wp-content\/uploads\/2021\/12\/nit-empresari-masachs-300x225.jpeg 300w, https:\/\/masachs.com\/wp-content\/uploads\/2021\/12\/nit-empresari-masachs-768x576.jpeg 768w\" sizes=\"(max-width: 800px) 100vw, 800px\" \/><\/a><\/p>\n<p>Fonts: <a href=\"https:\/\/www.nitdelempresari.com\/\">CECOT<\/a>, <a href=\"https:\/\/www.vilaweb.cat\/noticies\/nit-empresari-cecot-grup-lavinia\/\">Vilaweb<\/a>.<\/p>\n","protected":false},"excerpt":{"rendered":"<p>Al darrer tram de l&#8217;any s&#8217;ha celebrat la 26a edici\u00f3 de la Nit de l&#8217;Empresari que organitza CECOT, aquest cop centrada en els reptes que ha suposat la COVID-19, tant els sanitaris com els econ\u00f2mics. <\/p>\n","protected":false},"author":10,"featured_media":193321,"comment_status":"open","ping_status":"open","sticky":false,"template":"","format":"standard","meta":{"wds_primary_category":0,"footnotes":""},"categories":[34],"tags":[],"class_list":["post-193323","post","type-post","status-publish","format-standard","has-post-thumbnail","hentry","category-noticies-i-tendencies-del-sector"],"_links":{"self":[{"href":"https:\/\/masachs.com\/ca\/wp-json\/wp\/v2\/posts\/193323"}],"collection":[{"href":"https:\/\/masachs.com\/ca\/wp-json\/wp\/v2\/posts"}],"about":[{"href":"https:\/\/masachs.com\/ca\/wp-json\/wp\/v2\/types\/post"}],"author":[{"embeddable":true,"href":"https:\/\/masachs.com\/ca\/wp-json\/wp\/v2\/users\/10"}],"replies":[{"embeddable":true,"href":"https:\/\/masachs.com\/ca\/wp-json\/wp\/v2\/comments?post=193323"}],"version-history":[{"count":2,"href":"https:\/\/masachs.com\/ca\/wp-json\/wp\/v2\/posts\/193323\/revisions"}],"predecessor-version":[{"id":193325,"href":"https:\/\/masachs.com\/ca\/wp-json\/wp\/v2\/posts\/193323\/revisions\/193325"}],"wp:featuredmedia":[{"embeddable":true,"href":"https:\/\/masachs.com\/ca\/wp-json\/wp\/v2\/media\/193321"}],"wp:attachment":[{"href":"https:\/\/masachs.com\/ca\/wp-json\/wp\/v2\/media?parent=193323"}],"wp:term":[{"taxonomy":"category","embeddable":true,"href":"https:\/\/masachs.com\/ca\/wp-json\/wp\/v2\/categories?post=193323"},{"taxonomy":"post_tag","embeddable":true,"href":"https:\/\/masachs.com\/ca\/wp-json\/wp\/v2\/tags?post=193323"}],"curies":[{"name":"wp","href":"https:\/\/api.w.org\/{rel}","templated":true}]}}