{"id":187808,"date":"2021-07-02T11:24:48","date_gmt":"2021-07-02T09:24:48","guid":{"rendered":"https:\/\/masachs.com\/los-premis-cambra-mas-emotivos-que-nunca"},"modified":"2024-08-30T10:20:51","modified_gmt":"2024-08-30T08:20:51","slug":"premis-cambra-emotius-2021","status":"publish","type":"post","link":"https:\/\/masachs.com\/ca\/premis-cambra-emotius-2021","title":{"rendered":"Els Premis Cambra 2021, m\u00e9s emotius que mai"},"content":{"rendered":"<p><strong>S&#8217;ha celebrat una nova edici\u00f3 dels Premis Cambra, que aquest any han volgut donar suport al sector cultural i recon\u00e8ixer el lideratge i coratge empresarial davant la COVID-19. Masachs ha estat un dels patrocinadors de l&#8217;esdeveniment.<\/strong><\/p>\n<p>A dia d&#8217;avui, encara hi ha molts sectors que lluiten per recuperar-se de l&#8217;impacte econ\u00f2mic, social i fins i tot emocional que ha comportat la pand\u00e8mia. Per aquest motiu, la Cambra de Terrassa ha volgut donar suport a alguns dels m\u00e9s afectats, com han estat el <strong>sector cultural<\/strong> i determinats <strong>sectors empresarials,<\/strong> i alhora fer un emotiu reconeixement a la feina del <strong>sector sanitari i hospitalari<\/strong>.<\/p>\n<p>El format d&#8217;aquest any ha estat diferent, no nom\u00e9s per complir amb les mesures de prevenci\u00f3 sanit\u00e0ries vigents, sin\u00f3 precisament per donar un paper rellevant al sector cultural. Aix\u00ed, l&#8217;acte ha girat entorn a <strong>l&#8217;estrena de l&#8217;obra teatral <em>Hist\u00f2ries de la Cambra<\/em><\/strong>, on es representaven els or\u00edgens de la Cambra i el seu acte fundacional al 1886, l\u2019actualitat de l\u2019entitat i els reptes de futur als quals s\u2019enfronten tant la instituci\u00f3 com la societat, com ara la digitalitzaci\u00f3, el canvi clim\u00e0tic, la sostenibilitat, la igualtat&#8230;<\/p>\n<p>Enguany tamb\u00e9 s&#8217;han lliurat els tradicionals Premis Cambra. El reconeixement al <strong>Lideratge Empresarial<\/strong> ha recaigut sobre Ignasi Cusid\u00f3 Sim\u00f3n\u00a0(fundador de Lamp, SA), i a la <strong>Millor Resposta Empresarial davant la Covid-19<\/strong> sobre els tres hospitals de la demarcaci\u00f3 de Terrassa (Consorci Sanitari de Terrassa, Hospital Universitari General de Catalunya i M\u00fatua Terrassa).<\/p>\n<p>A l&#8217;esdeveniment hi han assistit representants d&#8217;institucions, empresaris del territori i personalitats destacades del panorama econ\u00f2mic i pol\u00edtic del pa\u00eds.<\/p>\n<p>Si vols con\u00e8ixer m\u00e9s detalls sobre l&#8217;esdeveniment, accedeix a la <a href=\"https:\/\/www.cambraterrassa.org\/la-cambra-de-terrassa-lliura-els-premis-cambra-mes-emotius-i-singulars-en-un-acte-que-ha-volgut-donar-suport-al-sector-cultural-i-reconeixer-el-lideratge-i-coratge-empresarial-davant-la-covid-19\/\">nota de premsa de la Cambra de Terrassa<\/a>.<\/p>\n<p><a href=\"https:\/\/masachs.com\/wp-content\/uploads\/2021\/07\/NdP-Premis-Cambra-2021_Patrocinadors-guardonats-i-autoritats.jpeg\"><img loading=\"lazy\" decoding=\"async\" class=\"alignnone size-full wp-image-187804\" src=\"https:\/\/masachs.com\/wp-content\/uploads\/2021\/07\/NdP-Premis-Cambra-2021_Patrocinadors-guardonats-i-autoritats.jpeg\" alt=\"\" width=\"1275\" height=\"850\" srcset=\"https:\/\/masachs.com\/wp-content\/uploads\/2021\/07\/NdP-Premis-Cambra-2021_Patrocinadors-guardonats-i-autoritats.jpeg 1275w, https:\/\/masachs.com\/wp-content\/uploads\/2021\/07\/NdP-Premis-Cambra-2021_Patrocinadors-guardonats-i-autoritats-300x200.jpeg 300w, https:\/\/masachs.com\/wp-content\/uploads\/2021\/07\/NdP-Premis-Cambra-2021_Patrocinadors-guardonats-i-autoritats-1024x683.jpeg 1024w, https:\/\/masachs.com\/wp-content\/uploads\/2021\/07\/NdP-Premis-Cambra-2021_Patrocinadors-guardonats-i-autoritats-768x512.jpeg 768w, https:\/\/masachs.com\/wp-content\/uploads\/2021\/07\/NdP-Premis-Cambra-2021_Patrocinadors-guardonats-i-autoritats-105x70.jpeg 105w\" sizes=\"(max-width: 1275px) 100vw, 1275px\" \/><\/a><\/p>\n","protected":false},"excerpt":{"rendered":"<p>S&#8217;ha celebrat una nova edici\u00f3 dels Premis Cambra, que aquest any han volgut donar suport al sector cultural i recon\u00e8ixer el lideratge i coratge empresarial davant la COVID-19. Masachs ha estat un dels patrocinadors de l&#8217;esdeveniment. A dia d&#8217;avui, encara hi ha molts sectors que lluiten per recuperar-se de l&#8217;impacte econ\u00f2mic, social i fins i tot emocional que ha comportat la pand\u00e8mia. Per aquest &#8230;<\/p>\n","protected":false},"author":10,"featured_media":187806,"comment_status":"open","ping_status":"open","sticky":false,"template":"","format":"standard","meta":{"wds_primary_category":0,"footnotes":""},"categories":[34],"tags":[],"class_list":["post-187808","post","type-post","status-publish","format-standard","has-post-thumbnail","hentry","category-noticies-i-tendencies-del-sector"],"_links":{"self":[{"href":"https:\/\/masachs.com\/ca\/wp-json\/wp\/v2\/posts\/187808"}],"collection":[{"href":"https:\/\/masachs.com\/ca\/wp-json\/wp\/v2\/posts"}],"about":[{"href":"https:\/\/masachs.com\/ca\/wp-json\/wp\/v2\/types\/post"}],"author":[{"embeddable":true,"href":"https:\/\/masachs.com\/ca\/wp-json\/wp\/v2\/users\/10"}],"replies":[{"embeddable":true,"href":"https:\/\/masachs.com\/ca\/wp-json\/wp\/v2\/comments?post=187808"}],"version-history":[{"count":3,"href":"https:\/\/masachs.com\/ca\/wp-json\/wp\/v2\/posts\/187808\/revisions"}],"predecessor-version":[{"id":187813,"href":"https:\/\/masachs.com\/ca\/wp-json\/wp\/v2\/posts\/187808\/revisions\/187813"}],"wp:featuredmedia":[{"embeddable":true,"href":"https:\/\/masachs.com\/ca\/wp-json\/wp\/v2\/media\/187806"}],"wp:attachment":[{"href":"https:\/\/masachs.com\/ca\/wp-json\/wp\/v2\/media?parent=187808"}],"wp:term":[{"taxonomy":"category","embeddable":true,"href":"https:\/\/masachs.com\/ca\/wp-json\/wp\/v2\/categories?post=187808"},{"taxonomy":"post_tag","embeddable":true,"href":"https:\/\/masachs.com\/ca\/wp-json\/wp\/v2\/tags?post=187808"}],"curies":[{"name":"wp","href":"https:\/\/api.w.org\/{rel}","templated":true}]}}